{"id":18821,"date":"2020-12-16T17:45:38","date_gmt":"2020-12-16T16:45:38","guid":{"rendered":"https:\/\/www.fondationensemble.org\/lancement-des-appels-a-projets-2021\/"},"modified":"2020-12-18T12:35:16","modified_gmt":"2020-12-18T11:35:16","slug":"lancement-des-appels-a-projets-2021","status":"publish","type":"post","link":"https:\/\/www.fondationensemble.org\/en\/lancement-des-appels-a-projets-2021\/","title":{"rendered":"Launching of the 2021 calls for proposals"},"content":{"rendered":"<p style=\"text-align: justify;\">We are pleased to inform you that our 2021 calls for proposals are now open:<\/p>\n<p>&nbsp;<\/p>\n<p style=\"text-align: justify;\"><strong>Programme fund <\/strong>&#8211; Projects of <a class=\"link-build-content\" href=\"https:\/\/www.fondationensemble.org\/en\/secteurs\/01-sustainable-agriculture\/\" target=\"_blank\" rel=\"noopener noreferrer\">Sustainable Agriculture<\/a>, <a class=\"link-build-content\" href=\"https:\/\/www.fondationensemble.org\/en\/secteurs\/02-sustainable-fishing\/\" target=\"_blank\" rel=\"noopener noreferrer\">Sustainable Fishing<\/a>, <a class=\"link-build-content\" href=\"https:\/\/www.fondationensemble.org\/en\/secteurs\/03-biodiversity-conservation\/\" target=\"_blank\" rel=\"noopener noreferrer\">Biodiversity Conservation<\/a> (terrestrial and marine), <a class=\"link-build-content\" href=\"https:\/\/www.fondationensemble.org\/en\/secteurs\/04-sustainable-technologies\/\" target=\"_blank\" rel=\"noopener noreferrer\">Sustainable Technologies<\/a>. An important news this year is the emphasis on <strong>rewilding*<\/strong> projects within the <strong>Biodiversity Conservation<\/strong> sector.<\/p>\n<ul style=\"text-align: justify;\">\n<li>Eligible focus countries:\n<ul>\n<li>For all sectors: <strong>Peru, Ecuador, Laos and Myanmar<\/strong>;<\/li>\n<li><strong>Mozambique<\/strong> is only eligible for <strong>Sustainable Fishing<\/strong> projects in the Southern part of the country;<\/li>\n<li><strong>European countries<\/strong> are only eligible for <strong>rewilding*<\/strong> projects, within the <strong>Biodiversity Conservation<\/strong> sector;<\/li>\n<li><strong>Madagascar<\/strong> is only eligible for its coastal areas and for <strong>Marine Biodiversity Conservation<\/strong> and <strong>Sustainable Fishing<\/strong> projects.<\/li>\n<\/ul>\n<\/li>\n<li>As previously, Fondation Ensemble wishes the proposals (except rewilding ones) to <strong>integrate a Sexual and Reproductive Health component (SRH) <\/strong>in their project strategy. Find out more on this topic in <a class=\"link-build-content\" href=\"https:\/\/www.fondationensemble.org\/en\/faq\/#ssr\" target=\"_blank\" rel=\"noopener noreferrer\">the FAQ<\/a>.<\/li>\n<li>Before submitting a project, please review here <a class=\"link-build-content\" href=\"https:\/\/www.fondationensemble.org\/en\/submit-proposal\/projects-all-sectors\/intro-calendar\/\" target=\"_blank\" rel=\"noopener noreferrer\">our selection criteria.<\/a> Proposals not meeting all these criteria will not be taken into account.<\/li>\n<\/ul>\n<p>&nbsp;<\/p>\n<p style=\"text-align: justify;\"><strong>&#8220;Endangered Animal species&#8221; small grants &#8211; <\/strong>available for all countries, please review the <a href=\"https:\/\/www.fondationensemble.org\/en\/submit-proposal\/threatened-animal-species-fund\/intro-calendar\/\" target=\"_blank\" rel=\"noopener noreferrer\">selection criteria here<\/a>. Submitted projects have to take into account the habitat of the target species. Proposals not meeting all these criteria will not be taken into account.<\/p>\n<p>&nbsp;<\/p>\n<p style=\"text-align: justify;\">The <strong>deadline for sending<\/strong> the concept notes is <strong>February 1st 2021<\/strong>, whichever the project types.<\/p>\n<p style=\"text-align: justify;\">Sending the concept notes must only be done through our website using the &#8216;<a href=\"https:\/\/www.fondationensemble.org\/en\/submit-proposal\/\" target=\"_blank\" rel=\"noopener noreferrer\">Submit a proposal<\/a>&#8216; page. Warning: downloading and sending the completed form is not possible without checking each page of the process one by one.<\/p>\n<p style=\"text-align: justify;\">If you have any doubts or questions, please review <a href=\"https:\/\/www.fondationensemble.org\/en\/faq\/\" target=\"_blank\" rel=\"noopener noreferrer\">our FAQs<\/a>.<\/p>\n<p style=\"text-align: justify;\">If you do not find your answer there, you can also raise your question using <a href=\"https:\/\/www.fondationensemble.org\/en\/contact\/\" target=\"_blank\" rel=\"noopener noreferrer\">our contact form<\/a>.<\/p>\n<p>&nbsp;<\/p>\n<p style=\"text-align: justify;\">We wish you all a happy festive season.<\/p>\n<p>&nbsp;<\/p>\n<p style=\"text-align: justify;\"><em><strong>* Rewilding<\/strong>: Enable certain areas to return on their own to a \u2018natural\u2019 state but also by sometimes reintroducing species that lived there before they were driven out by humans. To find out more, see also the ARTE documentary (in French, available until 2\/17\/21) <a href=\"https:\/\/www.arte.tv\/fr\/videos\/078695-000-A\/l-europe-a-la-reconquete-de-la-biodiversite\/\" target=\"_blank\" rel=\"noopener noreferrer\">L\u2019Europe \u00e0 la conqu\u00eate de la Biodiversit\u00e9<\/a>. (Trailer in English\u00a0<a href=\"https:\/\/greenpeacefilmfestival.org\/en\/film\/leurope-la-reconquete-de-la-biodiversite\/\" target=\"_blank\" rel=\"noopener noreferrer\">available here<\/a>).<\/em><\/p>\n","protected":false},"excerpt":{"rendered":"<p>We are pleased to inform you that our 2021 calls for proposals are now open: &nbsp; Programme fund &#8211; Projects of Sustainable Agriculture, Sustainable Fishing, Biodiversity Conservation (terrestrial and marine), Sustainable Technologies. An important news this year is the emphasis on rewilding* projects within the Biodiversity Conservation sector. Eligible focus [&hellip;]<\/p>\n","protected":false},"author":3,"featured_media":18813,"comment_status":"open","ping_status":"open","sticky":false,"template":"","format":"standard","meta":[],"categories":[393],"tags":[],"_links":{"self":[{"href":"https:\/\/www.fondationensemble.org\/en\/wp-json\/wp\/v2\/posts\/18821\/"}],"collection":[{"href":"https:\/\/www.fondationensemble.org\/en\/wp-json\/wp\/v2\/posts\/"}],"about":[{"href":"https:\/\/www.fondationensemble.org\/en\/wp-json\/wp\/v2\/types\/post\/"}],"author":[{"embeddable":true,"href":"https:\/\/www.fondationensemble.org\/en\/wp-json\/wp\/v2\/users\/3\/"}],"replies":[{"embeddable":true,"href":"https:\/\/www.fondationensemble.org\/en\/wp-json\/wp\/v2\/comments\/?post=18821"}],"version-history":[{"count":22,"href":"https:\/\/www.fondationensemble.org\/en\/wp-json\/wp\/v2\/posts\/18821\/revisions\/"}],"predecessor-version":[{"id":18862,"href":"https:\/\/www.fondationensemble.org\/en\/wp-json\/wp\/v2\/posts\/18821\/revisions\/18862\/"}],"wp:featuredmedia":[{"embeddable":true,"href":"https:\/\/www.fondationensemble.org\/en\/wp-json\/wp\/v2\/media\/18813\/"}],"wp:attachment":[{"href":"https:\/\/www.fondationensemble.org\/en\/wp-json\/wp\/v2\/media\/?parent=18821"}],"wp:term":[{"taxonomy":"category","embeddable":true,"href":"https:\/\/www.fondationensemble.org\/en\/wp-json\/wp\/v2\/categories\/?post=18821"},{"taxonomy":"post_tag","embeddable":true,"href":"https:\/\/www.fondationensemble.org\/en\/wp-json\/wp\/v2\/tags\/?post=18821"}],"curies":[{"name":"wp","href":"https:\/\/api.w.org\/{rel}","templated":true}]}}